{"id":2146,"date":"2023-08-01T10:37:00","date_gmt":"2023-08-01T07:37:00","guid":{"rendered":"https:\/\/www.sik.fi\/?p=2146"},"modified":"2024-01-12T16:51:31","modified_gmt":"2024-01-12T14:51:31","slug":"tervehdys-tulevat-sahkolaiset","status":"publish","type":"post","link":"https:\/\/www.sik.fi\/?p=2146","title":{"rendered":"Tervehdys tulevat s\u00e4hk\u00f6l\u00e4iset!"},"content":{"rendered":"\n<p class=\"has-normal-font-size\"><strong>S\u00e4hk\u00f6insin\u00f6\u00f6rikilta onnittelee uusia tulevia opiskelijoita opiskelupaikasta! <\/strong>Sille on aina ilon aihetta kun kiltaamme saapuu uusia opiskelijoita, joille s\u00e4hk\u00f6 on viel\u00e4 t\u00e4ysin uusi ja tuntematon elementti. \u00c4lk\u00e4\u00e4 huoliko, olette tehneet oikein hyv\u00e4n valinnan.<br><br>Mik\u00e4 on <strong>S\u00e4hk\u00f6insin\u00f6\u00f6rikilta <\/strong>ja mit\u00e4 se tekee? <strong>Ainej\u00e4rjest\u00f6j\u00e4 <\/strong>kutsutaan yliopistossamme <strong>killoiksi <\/strong>ja killat ajavat oman alan opiskelijoiden etua ja j\u00e4rjest\u00e4v\u00e4t erilaisia tapahtumia pitkin lukuvuotta. Ensimm\u00e4isen\u00e4 opiskeluvuotena p\u00e4\u00e4sette mukaan mit\u00e4 mahtavimpiin tapahtumiin, joissa sosialisoidutte muiden kanssaopiskelijoiden kanssa ja nautitte korkeaa <strong>teekkarikulttuuria <\/strong>ihan mahan t\u00e4ydelt\u00e4! <\/p>\n\n\n\n<figure class=\"wp-block-image size-full is-style-default\"><img loading=\"lazy\" decoding=\"async\" width=\"1440\" height=\"1197\" src=\"https:\/\/www.sik.fi\/wp-content\/uploads\/2023\/07\/Sik-Soudut2.jpg\" alt=\"\" class=\"wp-image-2149\" srcset=\"https:\/\/www.sik.fi\/wp-content\/uploads\/2023\/07\/Sik-Soudut2.jpg 1440w, https:\/\/www.sik.fi\/wp-content\/uploads\/2023\/07\/Sik-Soudut2-300x249.jpg 300w, https:\/\/www.sik.fi\/wp-content\/uploads\/2023\/07\/Sik-Soudut2-1024x851.jpg 1024w, https:\/\/www.sik.fi\/wp-content\/uploads\/2023\/07\/Sik-Soudut2-768x638.jpg 768w, https:\/\/www.sik.fi\/wp-content\/uploads\/2023\/07\/Sik-Soudut2-241x200.jpg 241w, https:\/\/www.sik.fi\/wp-content\/uploads\/2023\/07\/Sik-Soudut2-480x400.jpg 480w\" sizes=\"auto, (max-width: 1440px) 100vw, 1440px\" \/><figcaption class=\"wp-element-caption\"><em>SIK edustamassa kirkkovenesouduissa. Fuksivastaavanne makaa tuossa hiekalla norjanlippu k\u00e4dess\u00e4\u00e4n.<\/em><\/figcaption><\/figure>\n\n\n\n<p class=\"has-normal-font-size\">Syksy tuo tullessaan esimerkiksi <strong>fuksi-infon<\/strong>, jossa k\u00e4sittelemme kuumimpia aiheita, joita tulisi ymm\u00e4rt\u00e4\u00e4 jo ensimm\u00e4isist\u00e4 p\u00e4ivist\u00e4 l\u00e4htien. Toki on paljon rennompaakin menoa, sill\u00e4 l\u00e4hdemme my\u00f6s mahtavalle <strong>fuksiexcursiolle <\/strong>syksyn h\u00e4m\u00e4rtyess\u00e4.<\/p>\n\n\n\n<p class=\"has-normal-font-size\"><strong>Tuutorit <\/strong>ovat t\u00e4rkeimpi\u00e4 oppaitasi opintojen alussa. Tuutorit kyll\u00e4 pit\u00e4v\u00e4t huolen siit\u00e4, ett\u00e4 mik\u00e4\u00e4n tieto ei ole en\u00e4\u00e4 sumun peitossa ja sen my\u00f6s, ett\u00e4 olet l\u00f6yt\u00e4nyt itsellesi opiskelukavereita. <strong>Tuutoreilta saa ja PIT\u00c4\u00c4 kysy\u00e4 aina kun tulee mieleen jotain<\/strong>, he kyll\u00e4 auttavat parhaansa mukaan tilanteessa kuin tilanteessa.<\/p>\n\n\n\n<p class=\"has-normal-font-size\">Killan toimintaa yll\u00e4pit\u00e4\u00e4 <strong>hallitus <\/strong>ja <strong>toimihenkil\u00f6t<\/strong>. Hallituksen teht\u00e4v\u00e4 on p\u00e4\u00e4tt\u00e4\u00e4 kiltaa koskevista asioista ja laittaa tapahtumat py\u00f6rim\u00e4\u00e4n. Killan hallitus muodostetaan vuoden lopussa vuosikokouksessa \u00e4\u00e4nest\u00e4m\u00e4ll\u00e4 henkil\u00f6it\u00e4 pesteihin. Uusi hallitus astuu voimaan vuoden vaihtuessa. Mutta juuri kuin luulit, ettei uusi opiskelija p\u00e4\u00e4se vaikuttamaan asioihin, Ei h\u00e4t\u00e4\u00e4! Juuri <strong>sinulla on my\u00f6s mahdollisuus osallistua hallituksen toimintaan <\/strong>ja tulla valituksi jo ensimm\u00e4isen\u00e4 opiskeluvuotenasi!<\/p>\n\n\n\n<p>El\u00e4m\u00e4\u00e4 helpottavia vinkkej\u00e4 ja linkkej\u00e4:<br><strong>V\u00e4h\u00e4n sanastoa<\/strong>: <a rel=\"noreferrer noopener\" href=\"https:\/\/www.sik.fi\/?page_id=185\" target=\"_blank\">Sanastoa<\/a>, <a rel=\"noreferrer noopener\" href=\"https:\/\/www.sik.fi\/?page_id=192\" target=\"_blank\">Lis\u00e4\u00e4 sanastoa<\/a><br><strong>Lukutoukalle<\/strong>: <a rel=\"noreferrer noopener\" href=\"https:\/\/www.sik.fi\/?page_id=120\" target=\"_blank\">Kiltalehti Sinssi<\/a><br><strong>Bilehileelle<\/strong>: <a rel=\"noreferrer noopener\" href=\"https:\/\/www.sik.fi\/?page_id=1540\" target=\"_blank\">Tapahtumakalenteri<\/a><br><strong>J\u00e4ykistelij\u00e4lle<\/strong>: <a rel=\"noreferrer noopener\" href=\"https:\/\/www.sik.fi\/?page_id=1664\" target=\"_blank\">Killan s\u00e4\u00e4nn\u00f6t<\/a><br><\/p>\n\n\n\n<p>Viel\u00e4 kerran onnittelut meid\u00e4n puolesta! Odotamme innolla alkavaa lukuvuotta sek\u00e4 yhteisi\u00e4 hetki\u00e4 tapahtumissa!<\/p>\n\n\n\n<p>Kiltahuoneella n\u00e4hd\u00e4\u00e4n,<br>Frans H\u00e4rk\u00f6nen<br>Fuksivastaava (fuksivastaava@sik.fi)<\/p>\n\n\n\n<p class=\"has-normal-font-size\">ja<\/p>\n\n\n\n<p class=\"has-normal-font-size\">Miika Kainuharju<br>Fuksipaimen (teekkarivastaava@sik.fi)<\/p>\n","protected":false},"excerpt":{"rendered":"<p>S\u00e4hk\u00f6insin\u00f6\u00f6rikilta onnittelee uusia tulevia opiskelijoita opiskelupaikasta! Sille on aina ilon aihetta kun kiltaamme saapuu uusia opiskelijoita, joille s\u00e4hk\u00f6 on viel\u00e4 t\u00e4ysin uusi ja tuntematon elementti. \u00c4lk\u00e4\u00e4 huoliko, olette tehneet oikein hyv\u00e4n valinnan. Mik\u00e4 on S\u00e4hk\u00f6insin\u00f6\u00f6rikilta ja mit\u00e4 se tekee? Ainej\u00e4rjest\u00f6j\u00e4 kutsutaan yliopistossamme killoiksi ja killat ajavat oman alan opiskelijoiden etua &hellip;<\/p>\n","protected":false},"author":27,"featured_media":2149,"comment_status":"closed","ping_status":"open","sticky":false,"template":"","format":"standard","meta":{"footnotes":""},"categories":[4],"tags":[82,80,84],"class_list":["post-2146","post","type-post","status-publish","format-standard","has-post-thumbnail","hentry","category-sik","tag-ensimmainen-lukuvuosi","tag-fuksi","tag-tuutorointi"],"_links":{"self":[{"href":"https:\/\/www.sik.fi\/index.php?rest_route=\/wp\/v2\/posts\/2146","targetHints":{"allow":["GET"]}}],"collection":[{"href":"https:\/\/www.sik.fi\/index.php?rest_route=\/wp\/v2\/posts"}],"about":[{"href":"https:\/\/www.sik.fi\/index.php?rest_route=\/wp\/v2\/types\/post"}],"author":[{"embeddable":true,"href":"https:\/\/www.sik.fi\/index.php?rest_route=\/wp\/v2\/users\/27"}],"replies":[{"embeddable":true,"href":"https:\/\/www.sik.fi\/index.php?rest_route=%2Fwp%2Fv2%2Fcomments&post=2146"}],"version-history":[{"count":16,"href":"https:\/\/www.sik.fi\/index.php?rest_route=\/wp\/v2\/posts\/2146\/revisions"}],"predecessor-version":[{"id":2163,"href":"https:\/\/www.sik.fi\/index.php?rest_route=\/wp\/v2\/posts\/2146\/revisions\/2163"}],"wp:featuredmedia":[{"embeddable":true,"href":"https:\/\/www.sik.fi\/index.php?rest_route=\/wp\/v2\/media\/2149"}],"wp:attachment":[{"href":"https:\/\/www.sik.fi\/index.php?rest_route=%2Fwp%2Fv2%2Fmedia&parent=2146"}],"wp:term":[{"taxonomy":"category","embeddable":true,"href":"https:\/\/www.sik.fi\/index.php?rest_route=%2Fwp%2Fv2%2Fcategories&post=2146"},{"taxonomy":"post_tag","embeddable":true,"href":"https:\/\/www.sik.fi\/index.php?rest_route=%2Fwp%2Fv2%2Ftags&post=2146"}],"curies":[{"name":"wp","href":"https:\/\/api.w.org\/{rel}","templated":true}]}}