{"id":285,"date":"2014-10-01T16:38:45","date_gmt":"2014-10-01T16:38:45","guid":{"rendered":"http:\/\/uusi.sik.fi\/index.php\/2014\/10\/01\/uusi-teekkarivastaava\/"},"modified":"2014-10-01T16:38:45","modified_gmt":"2014-10-01T16:38:45","slug":"uusi-teekkarivastaava","status":"publish","type":"post","link":"https:\/\/www.sik.fi\/?p=285","title":{"rendered":"Uusi teekkarivastaava"},"content":{"rendered":"<p>Killan ylim\u00e4\u00e4r\u00e4isess\u00e4 kokouksessa 1.10. valittiin teekkarivastaava lopputoimikaudeksi 2014. Uudeksi teekkarivastaavaksi valittiin Jarno V\u00e4h\u00e4jylkk\u00e4. Onnea valitulle!<\/p>\n<p>\u00a0<\/p>\n","protected":false},"excerpt":{"rendered":"<p>Killan ylim\u00e4\u00e4r\u00e4isess\u00e4 kokouksessa 1.10. valittiin teekkarivastaava lopputoimikaudeksi 2014. Uudeksi teekkarivastaavaksi valittiin Jarno V\u00e4h\u00e4jylkk\u00e4. Onnea valitulle! \u00a0<\/p>\n","protected":false},"author":1,"featured_media":0,"comment_status":"open","ping_status":"open","sticky":false,"template":"","format":"standard","meta":{"footnotes":""},"categories":[4],"tags":[],"class_list":["post-285","post","type-post","status-publish","format-standard","hentry","category-sik"],"_links":{"self":[{"href":"https:\/\/www.sik.fi\/index.php?rest_route=\/wp\/v2\/posts\/285","targetHints":{"allow":["GET"]}}],"collection":[{"href":"https:\/\/www.sik.fi\/index.php?rest_route=\/wp\/v2\/posts"}],"about":[{"href":"https:\/\/www.sik.fi\/index.php?rest_route=\/wp\/v2\/types\/post"}],"author":[{"embeddable":true,"href":"https:\/\/www.sik.fi\/index.php?rest_route=\/wp\/v2\/users\/1"}],"replies":[{"embeddable":true,"href":"https:\/\/www.sik.fi\/index.php?rest_route=%2Fwp%2Fv2%2Fcomments&post=285"}],"version-history":[{"count":0,"href":"https:\/\/www.sik.fi\/index.php?rest_route=\/wp\/v2\/posts\/285\/revisions"}],"wp:attachment":[{"href":"https:\/\/www.sik.fi\/index.php?rest_route=%2Fwp%2Fv2%2Fmedia&parent=285"}],"wp:term":[{"taxonomy":"category","embeddable":true,"href":"https:\/\/www.sik.fi\/index.php?rest_route=%2Fwp%2Fv2%2Fcategories&post=285"},{"taxonomy":"post_tag","embeddable":true,"href":"https:\/\/www.sik.fi\/index.php?rest_route=%2Fwp%2Fv2%2Ftags&post=285"}],"curies":[{"name":"wp","href":"https:\/\/api.w.org\/{rel}","templated":true}]}}