{"id":287,"date":"2014-11-09T16:25:11","date_gmt":"2014-11-09T16:25:11","guid":{"rendered":"http:\/\/uusi.sik.fi\/index.php\/2014\/11\/09\/opintosuuntainfo-by-kilta-ja-saunailta-communican-ja-lastareiden-kanssa\/"},"modified":"2014-11-09T16:25:11","modified_gmt":"2014-11-09T16:25:11","slug":"opintosuuntainfo-by-kilta-ja-saunailta-communican-ja-lastareiden-kanssa","status":"publish","type":"post","link":"https:\/\/www.sik.fi\/?p=287","title":{"rendered":"Opintosuuntainfo by Kilta ja saunailta Communican ja Lastareiden kanssa"},"content":{"rendered":"<p style=\"margin-top: 0px; margin-bottom: 0px; color: #000000; font-family: Calibri, Arial, Helvetica, sans-serif; font-size: 16px; line-height: normal;\">Opintosuuntainfo by Kilta on j\u00e4lleen tulossa 12.11.\u00a0klo\u00a017.00 ja se j\u00e4rjestet\u00e4\u00e4n teekkaritalolla.\u00a0Tapahtumassa\u00a0on\u00a0valmistuneita\u00a0opiskelijoita\u00a0kertomassa\u00a0omista\u00a0kokemuksistaan\u00a0<\/p>\n<p style=\"margin-top: 0px; margin-bottom: 0px; color: #000000; font-family: Calibri, Arial, Helvetica, sans-serif; font-size: 16px; line-height: normal;\">opiskeluajoilta ja ty\u00f6el\u00e4m\u00e4st\u00e4.\u00a0Paikalle\u00a0on tulossa\u00a0esimerkiksi\u00a0Jorma\u00a0Terentjeff Hiihtokeskus Iso-Sy\u00f6tteen toimitusjohtaja eli nyt kannattaa saapua paikalle! Tapahtuma on tarkoitettu kaikenik\u00e4isille opiskelijoille, mutta erityisesti fukseja se voi auttaa opintojen suunnittelussa ja opintosuunnan valinnassa. Virallisen osuuden j\u00e4lkeen jatkot py\u00f6r\u00e4ht\u00e4v\u00e4t k\u00e4yntiin, joten muista varautua OPMx2! Meid\u00e4n\u00a0kanssa\u00a0jatkoilemaan on kutsuttu\u00a0 Communica \u00a0ja Lastarit.\u00a0<\/p>\n","protected":false},"excerpt":{"rendered":"<p>Opintosuuntainfo by Kilta on j\u00e4lleen tulossa 12.11.\u00a0klo\u00a017.00 ja se j\u00e4rjestet\u00e4\u00e4n teekkaritalolla.\u00a0Tapahtumassa\u00a0on\u00a0valmistuneita\u00a0opiskelijoita\u00a0kertomassa\u00a0omista\u00a0kokemuksistaan\u00a0 opiskeluajoilta ja ty\u00f6el\u00e4m\u00e4st\u00e4.\u00a0Paikalle\u00a0on tulossa\u00a0esimerkiksi\u00a0Jorma\u00a0Terentjeff Hiihtokeskus Iso-Sy\u00f6tteen toimitusjohtaja eli nyt kannattaa saapua paikalle! Tapahtuma on tarkoitettu kaikenik\u00e4isille opiskelijoille, mutta erityisesti fukseja se voi auttaa opintojen suunnittelussa ja opintosuunnan valinnassa. Virallisen osuuden j\u00e4lkeen jatkot py\u00f6r\u00e4ht\u00e4v\u00e4t k\u00e4yntiin, joten muista varautua OPMx2! Meid\u00e4n\u00a0kanssa\u00a0jatkoilemaan &hellip;<\/p>\n","protected":false},"author":1,"featured_media":0,"comment_status":"open","ping_status":"open","sticky":false,"template":"","format":"standard","meta":{"footnotes":""},"categories":[4],"tags":[],"class_list":["post-287","post","type-post","status-publish","format-standard","hentry","category-sik"],"_links":{"self":[{"href":"https:\/\/www.sik.fi\/index.php?rest_route=\/wp\/v2\/posts\/287","targetHints":{"allow":["GET"]}}],"collection":[{"href":"https:\/\/www.sik.fi\/index.php?rest_route=\/wp\/v2\/posts"}],"about":[{"href":"https:\/\/www.sik.fi\/index.php?rest_route=\/wp\/v2\/types\/post"}],"author":[{"embeddable":true,"href":"https:\/\/www.sik.fi\/index.php?rest_route=\/wp\/v2\/users\/1"}],"replies":[{"embeddable":true,"href":"https:\/\/www.sik.fi\/index.php?rest_route=%2Fwp%2Fv2%2Fcomments&post=287"}],"version-history":[{"count":0,"href":"https:\/\/www.sik.fi\/index.php?rest_route=\/wp\/v2\/posts\/287\/revisions"}],"wp:attachment":[{"href":"https:\/\/www.sik.fi\/index.php?rest_route=%2Fwp%2Fv2%2Fmedia&parent=287"}],"wp:term":[{"taxonomy":"category","embeddable":true,"href":"https:\/\/www.sik.fi\/index.php?rest_route=%2Fwp%2Fv2%2Fcategories&post=287"},{"taxonomy":"post_tag","embeddable":true,"href":"https:\/\/www.sik.fi\/index.php?rest_route=%2Fwp%2Fv2%2Ftags&post=287"}],"curies":[{"name":"wp","href":"https:\/\/api.w.org\/{rel}","templated":true}]}}