{"id":352,"date":"2016-03-26T15:33:32","date_gmt":"2016-03-26T15:33:32","guid":{"rendered":"http:\/\/uusi.sik.fi\/index.php\/2016\/03\/26\/vuosikokous-31-3-kello-18-00-salissa-sa116\/"},"modified":"2016-03-26T15:33:32","modified_gmt":"2016-03-26T15:33:32","slug":"vuosikokous-31-3-kello-18-00-salissa-sa116","status":"publish","type":"post","link":"https:\/\/www.sik.fi\/?p=352","title":{"rendered":"Vuosikokous 31.3 kello 18:00 salissa S\u00c4116"},"content":{"rendered":"<p>Tervetuloa S\u00e4hk\u00f6insin\u00f6\u00f6rikilta ry:n s\u00e4\u00e4nt\u00f6m\u00e4\u00e4r\u00e4iseen vuosikokoukseen, joka pidet\u00e4\u00e4n torstaina 31.3.2016 klo 18:00 alkaen salissa S\u00c4116. Kokouksessa k\u00e4sitell\u00e4\u00e4n killan s\u00e4\u00e4nt\u00f6jen 14\u00a7 mukaiset asiat. Tervetulleita ovat kaikki killan j\u00e4senet.<\/p>\n<p>\u00a0<\/p>\n<ol>\n<li>\n<p lang=\"fi-FI\" style=\"margin-bottom: 0cm;\"><span style=\"font-family: Times New Roman,serif;\"><span style=\"font-size: large;\">Kokouksen avaus<\/span><\/span><\/p>\n<\/li>\n<li>\n<p lang=\"fi-FI\" style=\"margin-bottom: 0cm;\"><span style=\"font-family: Times New Roman,serif;\"><span style=\"font-size: large;\">Kokouksen j\u00e4rjest\u00e4ytyminen<\/span><\/span><\/p>\n<\/li>\n<li>\n<p lang=\"fi-FI\" style=\"margin-bottom: 0cm;\"><span style=\"font-family: Times New Roman,serif;\"><span style=\"font-size: large;\">Kokouksen laillisuuden, p\u00e4\u00e4t\u00f6svaltaisuuden ja l\u00e4sn\u00e4olijoiden toteaminen<\/span><\/span><\/p>\n<\/li>\n<li>\n<p lang=\"fi-FI\" style=\"margin-bottom: 0cm;\"><span style=\"font-family: Times New Roman,serif;\"><span style=\"font-size: large;\">Asialistan hyv\u00e4ksyminen ty\u00f6j\u00e4rjestykseksi<\/span><\/span><\/p>\n<\/li>\n<li>\n<p lang=\"fi-FI\" style=\"margin-bottom: 0cm;\"><span style=\"font-family: Times New Roman,serif;\"><span style=\"font-size: large;\">Ilmoitusasiat<\/span><\/span><\/p>\n<\/li>\n<li>\n<p lang=\"fi-FI\" style=\"margin-bottom: 0cm;\"><span style=\"font-family: Times New Roman,serif;\"><span style=\"font-size: large;\">Vuoden 2015 toimintakertomuksen esittely<\/span><\/span><\/p>\n<\/li>\n<li>\n<p lang=\"fi-FI\" style=\"margin-bottom: 0cm;\"><span style=\"font-family: Times New Roman,serif;\"><span style=\"font-size: large;\">Vuoden 2015 tilinp\u00e4\u00e4t\u00f6ksen esittely<\/span><\/span><\/p>\n<\/li>\n<li>\n<p lang=\"fi-FI\" style=\"margin-bottom: 0cm;\"><span style=\"font-family: Times New Roman,serif;\"><span style=\"font-size: large;\"><span lang=\"fi-FI\"><span style=\"font-style: normal;\"><span style=\"font-weight: normal;\">Toiminnantarkastajien lausunnon esittely vuodelta 20<\/span><\/span><\/span><span lang=\"fi-FI\"><span style=\"font-style: normal;\"><span style=\"font-weight: normal;\">15<\/span><\/span><\/span><\/span><\/span><\/p>\n<\/li>\n<li>\n<p lang=\"fi-FI\" style=\"margin-bottom: 0cm; font-style: normal; font-weight: normal;\"><span style=\"font-family: Times New Roman,serif;\"><span style=\"font-size: large;\">Tilinp\u00e4\u00e4t\u00f6ksen vahvistaminen ja vastuuvapauden my\u00f6nt\u00e4minen<\/span><\/span><\/p>\n<\/li>\n<li>\n<p lang=\"fi-FI\" style=\"margin-bottom: 0cm;\"><span style=\"font-family: Times New Roman,serif;\"><span style=\"font-size: large;\">Muut esille tulevat asiat<\/span><\/span><\/p>\n<\/li>\n<li>\n<p lang=\"fi-FI\" style=\"margin-bottom: 0cm;\"><span style=\"font-family: Times New Roman,serif;\"><span style=\"font-size: large;\">Kokouksen p\u00e4\u00e4tt\u00e4minen<\/span><\/span><\/p>\n<\/li>\n<\/ol>\n<address>\u00a0<\/address>\n<address>Lauri L\u00e4ms\u00e4<\/address>\n<address>S\u00e4hk\u00f6insin\u00f6\u00f6rikilta ry:n puheenjohtaja<\/address>\n","protected":false},"excerpt":{"rendered":"<p>Tervetuloa S\u00e4hk\u00f6insin\u00f6\u00f6rikilta ry:n s\u00e4\u00e4nt\u00f6m\u00e4\u00e4r\u00e4iseen vuosikokoukseen, joka pidet\u00e4\u00e4n torstaina 31.3.2016 klo 18:00 alkaen salissa S\u00c4116. Kokouksessa k\u00e4sitell\u00e4\u00e4n killan s\u00e4\u00e4nt\u00f6jen 14\u00a7 mukaiset asiat. Tervetulleita ovat kaikki killan j\u00e4senet. \u00a0 Kokouksen avaus Kokouksen j\u00e4rjest\u00e4ytyminen Kokouksen laillisuuden, p\u00e4\u00e4t\u00f6svaltaisuuden ja l\u00e4sn\u00e4olijoiden toteaminen Asialistan hyv\u00e4ksyminen ty\u00f6j\u00e4rjestykseksi Ilmoitusasiat Vuoden 2015 toimintakertomuksen esittely Vuoden 2015 tilinp\u00e4\u00e4t\u00f6ksen esittely Toiminnantarkastajien &hellip;<\/p>\n","protected":false},"author":1,"featured_media":0,"comment_status":"open","ping_status":"open","sticky":false,"template":"","format":"standard","meta":{"footnotes":""},"categories":[4],"tags":[],"class_list":["post-352","post","type-post","status-publish","format-standard","hentry","category-sik"],"_links":{"self":[{"href":"https:\/\/www.sik.fi\/index.php?rest_route=\/wp\/v2\/posts\/352","targetHints":{"allow":["GET"]}}],"collection":[{"href":"https:\/\/www.sik.fi\/index.php?rest_route=\/wp\/v2\/posts"}],"about":[{"href":"https:\/\/www.sik.fi\/index.php?rest_route=\/wp\/v2\/types\/post"}],"author":[{"embeddable":true,"href":"https:\/\/www.sik.fi\/index.php?rest_route=\/wp\/v2\/users\/1"}],"replies":[{"embeddable":true,"href":"https:\/\/www.sik.fi\/index.php?rest_route=%2Fwp%2Fv2%2Fcomments&post=352"}],"version-history":[{"count":0,"href":"https:\/\/www.sik.fi\/index.php?rest_route=\/wp\/v2\/posts\/352\/revisions"}],"wp:attachment":[{"href":"https:\/\/www.sik.fi\/index.php?rest_route=%2Fwp%2Fv2%2Fmedia&parent=352"}],"wp:term":[{"taxonomy":"category","embeddable":true,"href":"https:\/\/www.sik.fi\/index.php?rest_route=%2Fwp%2Fv2%2Fcategories&post=352"},{"taxonomy":"post_tag","embeddable":true,"href":"https:\/\/www.sik.fi\/index.php?rest_route=%2Fwp%2Fv2%2Ftags&post=352"}],"curies":[{"name":"wp","href":"https:\/\/api.w.org\/{rel}","templated":true}]}}