{"id":398,"date":"2017-09-29T13:38:21","date_gmt":"2017-09-29T13:38:21","guid":{"rendered":"http:\/\/uusi.sik.fi\/index.php\/2017\/09\/29\/the-sound-of-sitsi\/"},"modified":"2018-03-25T20:38:16","modified_gmt":"2018-03-25T17:38:16","slug":"the-sound-of-sitsi","status":"publish","type":"post","link":"https:\/\/www.sik.fi\/?p=398","title":{"rendered":"The Sound of Sitsi"},"content":{"rendered":"<p style=\"margin-top: 0px; margin-bottom: 0px;\"><span style=\"color: #4b4f56; font-family: Helvetica, Arial, sans-serif;\"><span style=\"font-size: 14px;\">Tervetuloa SIK:in, Verban\u00a0 ja Motivan yhteisille musikaalisitseille tiistaina 17.10. kello 18 alkaen! Pukeudu siis lempimusikaalisi hahmoksi ja avaa \u00e4\u00e4nihuulesi valmiiksi. Luvassa on taatusti koko syksyn spektaakkelimaisin musikaalikokemus, kun tutut, ja kenties v\u00e4h\u00e4n tuntemattomammatkin, hahmot eri musikaaleista saapuvat Tukikohdalle laulamaan, nauttimaan hyv\u00e4st\u00e4 seurasta ja kenties jopa kisailemaan illan teemaan sopivissa kilpailuissa toisiaan vastaan.\u00a0<\/span><\/span><\/p>\n<p style=\"margin-top: 0px; margin-bottom: 0px;\"><span style=\"color: #4b4f56; font-family: Helvetica, Arial, sans-serif;\"><span style=\"font-size: 14px;\">\u00a0<\/span><\/span><\/p>\n<p style=\"margin-top: 0px; margin-bottom: 0px;\"><span style=\"color: #4b4f56; font-family: Helvetica, Arial, sans-serif;\"><span style=\"font-size: 14px;\">Osallistujakilloilla on kaikilla 25 paikkaa. Sitseill\u00e4 on lis\u00e4ksi kiltojen yhteisess\u00e4 jaossa 5 paikkaa. Ilmoittautuminen aukeaa maanantaina 2.10. kello 12. Mik\u00e4li vapaita paikkoja j\u00e4\u00e4, aukeaa ilmoittautuminen my\u00f6s muille perjantaina 6.10. kello 12.<\/span><\/span><\/p>\n<p style=\"margin-top: 0px; margin-bottom: 0px;\"><span style=\"color: #4b4f56; font-family: Helvetica, Arial, sans-serif;\"><span style=\"font-size: 14px;\">\u00a0<\/span><\/span><\/p>\n<p style=\"margin-top: 0px; margin-bottom: 0px;\"><span style=\"color: #4b4f56; font-family: Helvetica, Arial, sans-serif;\"><span style=\"font-size: 14px;\">Sitsit kest\u00e4v\u00e4t noin kello 22 asti, jolloin ovet avautuvat muillekin. Jatkoille OPM.<\/span><\/span><\/p>\n<p style=\"margin-top: 0px; margin-bottom: 0px;\"><span style=\"color: #4b4f56; font-family: Helvetica, Arial, sans-serif;\"><span style=\"font-size: 14px;\">\u00a0<\/span><\/span><\/p>\n<p style=\"margin-top: 0px; margin-bottom: 0px;\"><span style=\"color: #4b4f56; font-family: Helvetica, Arial, sans-serif;\"><span style=\"font-size: 14px;\">Ilmolinkki <a href=\"soundof\">www.sik.fi\/soundof<\/a><\/span><\/span><\/p>\n<p style=\"margin-top: 0px; margin-bottom: 0px;\"><span style=\"color: #4b4f56; font-family: Helvetica, Arial, sans-serif;\"><span style=\"font-size: 14px;\">&#8212;<\/span><\/span><\/p>\n<p style=\"margin-top: 0px; margin-bottom: 0px;\"><span style=\"color: #4b4f56; font-family: Helvetica, Arial, sans-serif;\"><span style=\"font-size: 14px;\">\u00a0<\/span><\/span><\/p>\n<p style=\"margin-top: 0px; margin-bottom: 0px;\"><span style=\"color: #4b4f56; font-family: Helvetica, Arial, sans-serif;\"><span style=\"font-size: 14px;\">MIT\u00c4? The Sound of Sitsi &#8211; Musikaalisitsit<\/span><\/span><\/p>\n<p style=\"margin-top: 0px; margin-bottom: 0px;\"><span style=\"color: #4b4f56; font-family: Helvetica, Arial, sans-serif;\"><span style=\"font-size: 14px;\">MISS\u00c4? Tukikohdalla, Sorvarintie 5<\/span><\/span><\/p>\n<p style=\"margin-top: 0px; margin-bottom: 0px;\"><span style=\"color: #4b4f56; font-family: Helvetica, Arial, sans-serif;\"><span style=\"font-size: 14px;\">MILLOIN? 17.10. klo 18 alkaen<\/span><\/span><\/p>\n<p style=\"margin-top: 0px; margin-bottom: 0px;\"><span style=\"color: #4b4f56; font-family: Helvetica, Arial, sans-serif;\"><span style=\"font-size: 14px;\">PUKUKOODI? Musikaaliteeman mukaisesti<\/span><\/span><\/p>\n<p style=\"margin-top: 0px; margin-bottom: 0px;\"><span style=\"color: #4b4f56; font-family: Helvetica, Arial, sans-serif;\"><span style=\"font-size: 14px;\">MIT\u00c4 MAKSAA? Holillisena 17e, holittomana 14e<\/span><\/span><\/p>\n<p style=\"margin-top: 0px; margin-bottom: 0px;\"><span style=\"color: #4b4f56; font-family: Helvetica, Arial, sans-serif;\"><span style=\"font-size: 14px;\">ILMOITTAUTUMINEN: Aukeaa j\u00e4rjest\u00e4j\u00e4kiltojen j\u00e4senille 2.10. klo 12, muille 6.10. klo 12<\/span><\/span><\/p>\n<p style=\"margin-top: 0px; margin-bottom: 0px;\"><span style=\"color: #4b4f56; font-family: Helvetica, Arial, sans-serif;\"><span style=\"font-size: 14px;\">Linkki facetapahtumaan: <\/span><\/span><span style=\"color: #4b4f56; font-family: Helvetica, Arial, sans-serif; font-size: 14px;\">\u00a0<\/span><a id=\"LPlnk703005\" class=\"OWAAutoLink\" style=\"color: #000000; font-family: Helvetica, Arial, sans-serif; font-size: 14px;\" href=\"https:\/\/www.facebook.com\/events\/525660707783987\">https:\/\/www.facebook.com\/events\/525660707783987<\/a><\/p>\n","protected":false},"excerpt":{"rendered":"<p>Tervetuloa SIK:in, Verban\u00a0 ja Motivan yhteisille musikaalisitseille tiistaina 17.10. kello 18 alkaen! Pukeudu siis lempimusikaalisi hahmoksi ja avaa \u00e4\u00e4nihuulesi valmiiksi. Luvassa on taatusti koko syksyn spektaakkelimaisin musikaalikokemus, kun tutut, ja kenties v\u00e4h\u00e4n tuntemattomammatkin, hahmot eri musikaaleista saapuvat Tukikohdalle laulamaan, nauttimaan hyv\u00e4st\u00e4 seurasta ja kenties jopa kisailemaan illan teemaan sopivissa kilpailuissa &hellip;<\/p>\n","protected":false},"author":1,"featured_media":0,"comment_status":"closed","ping_status":"open","sticky":false,"template":"","format":"standard","meta":{"footnotes":""},"categories":[4],"tags":[],"class_list":["post-398","post","type-post","status-publish","format-standard","hentry","category-sik"],"_links":{"self":[{"href":"https:\/\/www.sik.fi\/index.php?rest_route=\/wp\/v2\/posts\/398","targetHints":{"allow":["GET"]}}],"collection":[{"href":"https:\/\/www.sik.fi\/index.php?rest_route=\/wp\/v2\/posts"}],"about":[{"href":"https:\/\/www.sik.fi\/index.php?rest_route=\/wp\/v2\/types\/post"}],"author":[{"embeddable":true,"href":"https:\/\/www.sik.fi\/index.php?rest_route=\/wp\/v2\/users\/1"}],"replies":[{"embeddable":true,"href":"https:\/\/www.sik.fi\/index.php?rest_route=%2Fwp%2Fv2%2Fcomments&post=398"}],"version-history":[{"count":1,"href":"https:\/\/www.sik.fi\/index.php?rest_route=\/wp\/v2\/posts\/398\/revisions"}],"predecessor-version":[{"id":574,"href":"https:\/\/www.sik.fi\/index.php?rest_route=\/wp\/v2\/posts\/398\/revisions\/574"}],"wp:attachment":[{"href":"https:\/\/www.sik.fi\/index.php?rest_route=%2Fwp%2Fv2%2Fmedia&parent=398"}],"wp:term":[{"taxonomy":"category","embeddable":true,"href":"https:\/\/www.sik.fi\/index.php?rest_route=%2Fwp%2Fv2%2Fcategories&post=398"},{"taxonomy":"post_tag","embeddable":true,"href":"https:\/\/www.sik.fi\/index.php?rest_route=%2Fwp%2Fv2%2Ftags&post=398"}],"curies":[{"name":"wp","href":"https:\/\/api.w.org\/{rel}","templated":true}]}}