{"id":402,"date":"2017-11-08T22:15:36","date_gmt":"2017-11-08T22:15:36","guid":{"rendered":"http:\/\/uusi.sik.fi\/index.php\/2017\/11\/08\/kaehmintaeiltama\/"},"modified":"2018-03-25T20:38:15","modified_gmt":"2018-03-25T17:38:15","slug":"kaehmintaeiltama","status":"publish","type":"post","link":"https:\/\/www.sik.fi\/?p=402","title":{"rendered":"K\u00e4hmint\u00e4iltama"},"content":{"rendered":"<p>\u00a0<\/p>\n<div><span style=\"font-size: 10pt;\"><span style=\"font-size: 12pt;\">On taa<\/span><span style=\"font-size: 12pt;\">s se aika vuodesta, kun vaalikoko<\/span><span style=\"font-size: 12pt;\">us ja uusien kiltatoimijoiden valinta l\u00e4hestyv\u00e4t.<\/span><span style=\"font-size: 12pt;\"> Tulevana maanantaina on <\/span><span style=\"font-size: 12pt;\">mahdol<\/span><span style=\"font-size: 12pt;\">lisuus kuulla killan perinteisess\u00e4 K<\/span><span style=\"font-size: 12pt;\">\u00e4hmint\u00e4iltamassa hallituksen ja toimareiden suusta, mit\u00e4 pestit pit\u00e4v\u00e4t <\/span><span style=\"font-size: 12pt;\">sis\u00e4ll\u00e4\u00e4<\/span><span style=\"font-size: 12pt;\">n ja mit\u00e4 kuuluu hallituksen toimin<\/span><span style=\"font-size: 12pt;\">tavuoteen.<\/span><\/span><\/div>\n<p>\u00a0<\/p>\n<p>\u00a0<\/p>\n<div><span style=\"font-size: 10pt;\"><span style=\"font-size: 12pt;\">Tapaht<\/span><span style=\"font-size: 12pt;\">uma<\/span><span style=\"font-size: 12pt;\"> j\u00e4rjestet\u00e4\u00e4n<\/span><span style=\"font-size: 12pt;\"> <b>13.11.2017<\/b> <\/span><span style=\"font-size: 12pt;\">Kaijonharjussa<\/span> <b><span style=\"font-size: 12pt;\">A<\/span><span style=\"font-size: 12pt;\">pinatalon<\/span> <span style=\"font-size: 12pt;\">kerhohuonee<\/span><span style=\"font-size: 12pt;\">l<\/span><span style=\"font-size: 12pt;\">l<\/span><span style=\"font-size: 12pt;\">a<\/span><\/b> <span style=\"font-size: 12pt;\">(<\/span><span style=\"font-size: 12pt;\">T<\/span><span style=\"font-size: 12pt;\">e<\/span><span style=\"font-size: 12pt;\">l<\/span><span style=\"font-size: 12pt;\">l<\/span><span style=\"font-size: 12pt;\">e<\/span><span style=\"font-size: 12pt;\">r<\/span><span style=\"font-size: 12pt;\">v<\/span><span style=\"font-size: 12pt;\">o<\/span><span style=\"font-size: 12pt;\">n<\/span><span style=\"font-size: 12pt;\">t<\/span><span style=\"font-size: 12pt;\">i<\/span><span style=\"font-size: 12pt;\">e<\/span> <span style=\"font-size: 12pt;\">2<\/span><span style=\"font-size: 12pt;\"> A)<\/span> <b><span style=\"font-size: 12pt;\">k<\/span><span style=\"font-size: 12pt;\">e<\/span><span style=\"font-size: 12pt;\">l<\/span><span style=\"font-size: 12pt;\">l<\/span><span style=\"font-size: 12pt;\">o<\/span><span style=\"font-size: 12pt;\"> 18.<\/span><span style=\"font-size: 12pt;\">00<\/span><\/b><span style=\"font-size: 12pt;\"> alkaen. Tarjolla o<\/span><span style=\"font-size: 12pt;\">n <\/span><span style=\"font-size: 12pt;\">tuttu<\/span><span style=\"font-size: 12pt;\">un tapaan pient\u00e4 purtavaa ja palanpainiketta killan puol<\/span><span style=\"font-size: 12pt;\">esta.<br \/> <\/span><\/span><\/div>\n<p>\u00a0<\/p>\n<div><span style=\"font-size: 10pt;\"><span style=\"font-size: 12pt;\">Tervetu<\/span><span style=\"font-size: 12pt;\">loa kyselem\u00e4\u00e4n ja kuuntelemaan!<\/span><\/span><\/div>\n<div><span style=\"font-size: 10pt;\"><span style=\"font-size: 8pt;\">Vanha<\/span><span style=\"font-size: 12pt;\"><span style=\"font-size: 8pt;\"> Sikkil\u00e4ine<\/span><span style=\"font-size: 8pt;\">n sananlasku: <i>Aina kannattaa l\u00e4hte\u00e4!<\/i><\/span><\/span><\/span><\/div>\n","protected":false},"excerpt":{"rendered":"<p>\u00a0 On taas se aika vuodesta, kun vaalikokous ja uusien kiltatoimijoiden valinta l\u00e4hestyv\u00e4t. Tulevana maanantaina on mahdollisuus kuulla killan perinteisess\u00e4 K\u00e4hmint\u00e4iltamassa hallituksen ja toimareiden suusta, mit\u00e4 pestit pit\u00e4v\u00e4t sis\u00e4ll\u00e4\u00e4n ja mit\u00e4 kuuluu hallituksen toimintavuoteen. \u00a0 \u00a0 Tapahtuma j\u00e4rjestet\u00e4\u00e4n 13.11.2017 Kaijonharjussa Apinatalon kerhohuoneella (Tellervontie 2 A) kello 18.00 alkaen. Tarjolla on &hellip;<\/p>\n","protected":false},"author":1,"featured_media":0,"comment_status":"closed","ping_status":"open","sticky":false,"template":"","format":"standard","meta":{"footnotes":""},"categories":[4],"tags":[],"class_list":["post-402","post","type-post","status-publish","format-standard","hentry","category-sik"],"_links":{"self":[{"href":"https:\/\/www.sik.fi\/index.php?rest_route=\/wp\/v2\/posts\/402","targetHints":{"allow":["GET"]}}],"collection":[{"href":"https:\/\/www.sik.fi\/index.php?rest_route=\/wp\/v2\/posts"}],"about":[{"href":"https:\/\/www.sik.fi\/index.php?rest_route=\/wp\/v2\/types\/post"}],"author":[{"embeddable":true,"href":"https:\/\/www.sik.fi\/index.php?rest_route=\/wp\/v2\/users\/1"}],"replies":[{"embeddable":true,"href":"https:\/\/www.sik.fi\/index.php?rest_route=%2Fwp%2Fv2%2Fcomments&post=402"}],"version-history":[{"count":1,"href":"https:\/\/www.sik.fi\/index.php?rest_route=\/wp\/v2\/posts\/402\/revisions"}],"predecessor-version":[{"id":570,"href":"https:\/\/www.sik.fi\/index.php?rest_route=\/wp\/v2\/posts\/402\/revisions\/570"}],"wp:attachment":[{"href":"https:\/\/www.sik.fi\/index.php?rest_route=%2Fwp%2Fv2%2Fmedia&parent=402"}],"wp:term":[{"taxonomy":"category","embeddable":true,"href":"https:\/\/www.sik.fi\/index.php?rest_route=%2Fwp%2Fv2%2Fcategories&post=402"},{"taxonomy":"post_tag","embeddable":true,"href":"https:\/\/www.sik.fi\/index.php?rest_route=%2Fwp%2Fv2%2Ftags&post=402"}],"curies":[{"name":"wp","href":"https:\/\/api.w.org\/{rel}","templated":true}]}}