{"id":410,"date":"2018-03-09T20:32:45","date_gmt":"2018-03-09T20:32:45","guid":{"rendered":"http:\/\/uusi.sik.fi\/index.php\/2018\/03\/09\/opetuksenkehittamisseminaari-3-4-2018\/"},"modified":"2018-03-25T20:38:15","modified_gmt":"2018-03-25T17:38:15","slug":"opetuksenkehittamisseminaari-3-4-2018","status":"publish","type":"post","link":"https:\/\/www.sik.fi\/?p=410","title":{"rendered":"Opetuksenkehitt\u00e4misseminaari 3.4.2018"},"content":{"rendered":"<p style=\"text-align: justify;\"><span style=\"font-family: Helvetica, Arial, sans-serif; color: #4b4f56; font-size: 14px;\">Tervetuloa tiistaina 3.4.2018 klo 17.00 Teekkaritalolla j\u00e4rjestett\u00e4v\u00e4\u00e4n Tieto- ja s\u00e4hk\u00f6tekniikan tiedekunnan opetuksenkehitt\u00e4misseminaa<\/span><wbr style=\"color: #4b4f56; font-family: Helvetica, Arial, sans-serif; font-size: 14px;\" \/><span style=\"color: #4b4f56; font-family: Helvetica, Arial, sans-serif; font-size: 14px;\">riin ja sit\u00e4 seuraavaan sitsityyliseen illanviettoon. Seminaarissa puheenaiheina ovat ajankohtaiset teemat Tieto- ja s\u00e4hk\u00f6tekniikan tiedekunnan opetukseen liittyen. Aiheiden pohjalta tarkoituksena on kehitt\u00e4\u00e4 opetusta sek\u00e4 tst-opiskelijoiden ett\u00e4 tiedekunnan henkil\u00f6st\u00f6n voimin. N\u00e4in ollen Tieto- ja s\u00e4hk\u00f6tekniikan koulutusohjelmien opiskelijat ja henkil\u00f6kunta ovat eritt\u00e4in l\u00e4mpim\u00e4sti tervetulleita pohtimaan opetuksen kehitt\u00e4mist\u00e4! \ud83d\ude42<\/span><br style=\"color: #4b4f56; font-family: Helvetica, Arial, sans-serif; font-size: 14px;\" \/><br style=\"color: #4b4f56; font-family: Helvetica, Arial, sans-serif; font-size: 14px;\" \/><span style=\"color: #4b4f56; font-family: Helvetica, Arial, sans-serif; font-size: 14px;\">Seminaarin j\u00e4lkeen tapahtuma jatkuu osallistujille maksuttomilla sitseill\u00e4.<\/span><br style=\"color: #4b4f56; font-family: Helvetica, Arial, sans-serif; font-size: 14px;\" \/><br style=\"color: #4b4f56; font-family: Helvetica, Arial, sans-serif; font-size: 14px;\" \/><span style=\"color: #4b4f56; font-family: Helvetica, Arial, sans-serif; font-size: 14px;\">Ilmoittautuminen aukeaa 9.3.2018 osoitteessa\u00a0<\/span><a style=\"color: #365899; cursor: pointer; font-family: Helvetica, Arial, sans-serif; font-size: 14px;\" href=\"https:\/\/l.facebook.com\/l.php?u=http%3A%2F%2Fwww.otit.fi%2Foks-ilmo%2F&amp;h=ATP_mcTPyxYR6d_gOAI15j6E0HGbPu7ZnrHSPoH0opkJlp_x7p6-sEAv1NkqIA7t3kQkCHgr5nqkAyIKw25LGSU3Yx-nWsugtrpwlTbxZXsih_pGBlI\" target=\"_blank\" rel=\"nofollow noopener noreferrer\" data-lynx-mode=\"asynclazy\">http:\/\/www.otit.fi\/oks-il<span class=\"text_exposed_show\" style=\"display: inline; font-family: inherit;\">mo\/<\/span><\/a><span class=\"text_exposed_show\" style=\"display: inline; font-family: Helvetica, Arial, sans-serif; color: #4b4f56; font-size: 14px;\">. Kerrothan erikoisruokavaliostasi meille, kiitos!<\/p>\n<p>Seminaarin alustava ohjelma:<br \/>\u25cf 17:00 Seminaari alkaa<br \/>&#8211; Seminaarin avaus<br \/>&#8211; Aiheiden esittely<br \/>&#8211; Ty\u00f6paja (Aiheina mm. haku-uudistus, s\u00e4hk\u00f6isesti j\u00e4rjestett\u00e4v\u00e4t\u00a0<br \/>kurssit ja ty\u00f6el\u00e4m\u00e4 opintojen ohella)<br \/>&#8211; L\u00e4pik\u00e4ynti ja keskustelu<br \/>\u25cf 20:30 Seminaari p\u00e4\u00e4ttyy, sitsit alkavat<br \/>\u25cf Vapaamuotoista keskustelua ja saunomismahdollisuus.<\/p>\n<p>Lyhyesti:<br \/><span style=\"font-family: inherit;\">MIT\u00c4? OKS eli Opetuksenkehitt\u00e4misseminaa<\/span><wbr \/>ri<br \/>MISS\u00c4? Teekkaritalolla<br \/>MILLOIN? Tiistaina 3.4.2014 klo 17:00 alkaen<br \/>MIKSI? Opetusta tulee kehitt\u00e4\u00e4 ja sitsit ovat parhaat<br \/>MITEN? T\u00e4yt\u00e4 ilmoittautumislomake osoitteessa\u00a0<a style=\"color: #365899; cursor: pointer; font-family: inherit;\" href=\"http:\/\/www.otit.fi\/oks-ilmo\/\" target=\"_blank\" rel=\"nofollow noopener noreferrer\" data-lynx-mode=\"asynclazy\" data-lynx-uri=\"https:\/\/l.facebook.com\/l.php?u=http%3A%2F%2Fwww.otit.fi%2Foks-ilmo%2F&amp;h=ATOAwcMkxqfjQ2-chIx9EHfUhf-Qlz6OumK-DsRPJk6SYTkpHLJPxLvv6i4OhYE2dojmA5G5yrPdYqM_P3P3zDPUT1hNbZedm2lJ_Rb_n_IKXVBdkyE\"><span style=\"font-family: inherit;\">http:\/\/www.otit.fi\/<\/span><wbr \/>oks-ilmo\/<\/a>\u00a0<\/p>\n<p>Pukukoodina on miehill\u00e4 tumma puku ja naisilla vastaava.\u00a0<\/p>\n<p>Vastaamme mielell\u00e4mme tilaisuutta koskeviin kysymyksiin.<\/p>\n<p><\/span>Tapahtuman fb-sivu:\u00a0<a href=\"https:\/\/www.facebook.com\/events\/1552998374807598\/\">https:\/\/www.facebook.com\/events\/1552998374807598\/<\/a><\/p>\n","protected":false},"excerpt":{"rendered":"<p>Tervetuloa tiistaina 3.4.2018 klo 17.00 Teekkaritalolla j\u00e4rjestett\u00e4v\u00e4\u00e4n Tieto- ja s\u00e4hk\u00f6tekniikan tiedekunnan opetuksenkehitt\u00e4misseminaariin ja sit\u00e4 seuraavaan sitsityyliseen illanviettoon. Seminaarissa puheenaiheina ovat ajankohtaiset teemat Tieto- ja s\u00e4hk\u00f6tekniikan tiedekunnan opetukseen liittyen. Aiheiden pohjalta tarkoituksena on kehitt\u00e4\u00e4 opetusta sek\u00e4 tst-opiskelijoiden ett\u00e4 tiedekunnan henkil\u00f6st\u00f6n voimin. N\u00e4in ollen Tieto- ja s\u00e4hk\u00f6tekniikan koulutusohjelmien opiskelijat ja henkil\u00f6kunta ovat &hellip;<\/p>\n","protected":false},"author":1,"featured_media":0,"comment_status":"closed","ping_status":"open","sticky":false,"template":"","format":"standard","meta":{"footnotes":""},"categories":[4],"tags":[],"class_list":["post-410","post","type-post","status-publish","format-standard","hentry","category-sik"],"_links":{"self":[{"href":"https:\/\/www.sik.fi\/index.php?rest_route=\/wp\/v2\/posts\/410","targetHints":{"allow":["GET"]}}],"collection":[{"href":"https:\/\/www.sik.fi\/index.php?rest_route=\/wp\/v2\/posts"}],"about":[{"href":"https:\/\/www.sik.fi\/index.php?rest_route=\/wp\/v2\/types\/post"}],"author":[{"embeddable":true,"href":"https:\/\/www.sik.fi\/index.php?rest_route=\/wp\/v2\/users\/1"}],"replies":[{"embeddable":true,"href":"https:\/\/www.sik.fi\/index.php?rest_route=%2Fwp%2Fv2%2Fcomments&post=410"}],"version-history":[{"count":1,"href":"https:\/\/www.sik.fi\/index.php?rest_route=\/wp\/v2\/posts\/410\/revisions"}],"predecessor-version":[{"id":562,"href":"https:\/\/www.sik.fi\/index.php?rest_route=\/wp\/v2\/posts\/410\/revisions\/562"}],"wp:attachment":[{"href":"https:\/\/www.sik.fi\/index.php?rest_route=%2Fwp%2Fv2%2Fmedia&parent=410"}],"wp:term":[{"taxonomy":"category","embeddable":true,"href":"https:\/\/www.sik.fi\/index.php?rest_route=%2Fwp%2Fv2%2Fcategories&post=410"},{"taxonomy":"post_tag","embeddable":true,"href":"https:\/\/www.sik.fi\/index.php?rest_route=%2Fwp%2Fv2%2Ftags&post=410"}],"curies":[{"name":"wp","href":"https:\/\/api.w.org\/{rel}","templated":true}]}}