{"id":414,"date":"2018-03-19T08:15:43","date_gmt":"2018-03-19T08:15:43","guid":{"rendered":"http:\/\/uusi.sik.fi\/index.php\/2018\/03\/19\/sahkoinsinoorikilta-ry-n-saantomaarainen-vuosikokous\/"},"modified":"2018-03-25T20:38:14","modified_gmt":"2018-03-25T17:38:14","slug":"sahkoinsinoorikilta-ry-n-saantomaarainen-vuosikokous","status":"publish","type":"post","link":"https:\/\/www.sik.fi\/?p=414","title":{"rendered":"S\u00e4hk\u00f6insin\u00f6\u00f6rikilta ry:n s\u00e4\u00e4nt\u00f6m\u00e4\u00e4r\u00e4inen vuosikokous 2018"},"content":{"rendered":"<p dir=\"ltr\" style=\"line-height: 1.38; margin-top: 0pt; margin-bottom: 0pt;\"><span style=\"font-size: 11pt; font-family: arial; font-variant-numeric: normal; font-variant-east-asian: normal; vertical-align: baseline; white-space: pre-wrap;\">Tervetuloa S\u00e4hk\u00f6insin\u00f6\u00f6rikilta ry:n s\u00e4\u00e4nt\u00f6m\u00e4\u00e4r\u00e4iseen vuosikokoukseen, joka pidet\u00e4\u00e4n maanantaina 26.03.2018 klo 18:00 alkaen S\u00e4hk\u00f6insin\u00f6\u00f6rikillan kiltahuoneella. Kokouksessa k\u00e4sitell\u00e4\u00e4n killan s\u00e4\u00e4nt\u00f6jen 14\u00a7 mukaiset asiat. Tervetulleita ovat kaikki killan j\u00e4senet.<\/span><span style=\"font-size: 11pt; font-family: arial; font-variant-numeric: normal; font-variant-east-asian: normal; vertical-align: baseline; white-space: pre-wrap;\"><br \/><\/span><\/p>\n<p dir=\"ltr\" style=\"line-height: 1.38; margin-top: 0pt; margin-bottom: 0pt;\">\u00a0<\/p>\n<div class=\"moz-text-html\" lang=\"x-unicode\">\n<div dir=\"auto\">\u00a0<span style=\"font-size: 11pt; font-family: arial; font-variant-numeric: normal; font-variant-east-asian: normal; vertical-align: baseline; white-space: pre-wrap;\">ASIALISTA<\/span> <\/p>\n<p dir=\"ltr\" style=\"line-height: 1.38; margin-top: 0pt; margin-bottom: 0pt;\"><span style=\"font-size: 11pt; font-family: arial; font-variant-numeric: normal; font-variant-east-asian: normal; vertical-align: baseline; white-space: pre-wrap;\"><br \/><\/span><span style=\"font-size: 11pt; font-family: arial; font-variant-numeric: normal; font-variant-east-asian: normal; vertical-align: baseline; white-space: pre-wrap;\">1.Kokouksen avaaminen<\/span><span style=\"font-size: 11pt; font-family: arial; font-variant-numeric: normal; font-variant-east-asian: normal; vertical-align: baseline; white-space: pre-wrap;\"><br \/><\/span><span style=\"font-size: 11pt; font-family: arial; font-variant-numeric: normal; font-variant-east-asian: normal; vertical-align: baseline; white-space: pre-wrap;\">2.Kokouksen j\u00e4rjest\u00e4ytyminen<\/span><span style=\"font-size: 11pt; font-family: arial; font-variant-numeric: normal; font-variant-east-asian: normal; vertical-align: baseline; white-space: pre-wrap;\"><br \/><\/span><span style=\"font-size: 11pt; font-family: arial; font-variant-numeric: normal; font-variant-east-asian: normal; vertical-align: baseline; white-space: pre-wrap;\">3.Kokouksen laillisuuden, p\u00e4\u00e4t\u00f6svaltaisuuden ja l\u00e4sn\u00e4olijoiden toteaminen<\/span><span style=\"font-size: 11pt; font-family: arial; font-variant-numeric: normal; font-variant-east-asian: normal; vertical-align: baseline; white-space: pre-wrap;\"><br \/><\/span><span style=\"font-size: 11pt; font-family: arial; font-variant-numeric: normal; font-variant-east-asian: normal; vertical-align: baseline; white-space: pre-wrap;\">4.Asialistan hyv\u00e4ksyminen ty\u00f6j\u00e4rjestykseksi<\/span><span style=\"font-size: 11pt; font-family: arial; font-variant-numeric: normal; font-variant-east-asian: normal; vertical-align: baseline; white-space: pre-wrap;\"><br \/><\/span><span style=\"font-size: 11pt; font-family: arial; font-variant-numeric: normal; font-variant-east-asian: normal; vertical-align: baseline; white-space: pre-wrap;\">5.Ilmoitusasiat<\/span><span style=\"font-size: 11pt; font-family: arial; font-variant-numeric: normal; font-variant-east-asian: normal; vertical-align: baseline; white-space: pre-wrap;\"><br \/><\/span><span style=\"font-size: 11pt; font-family: arial; font-variant-numeric: normal; font-variant-east-asian: normal; vertical-align: baseline; white-space: pre-wrap;\">6.Vuoden 2016 toimintakertomuksen esittely<\/span><span style=\"font-size: 11pt; font-family: arial; font-variant-numeric: normal; font-variant-east-asian: normal; vertical-align: baseline; white-space: pre-wrap;\"><br \/><\/span><span style=\"font-size: 11pt; font-family: arial; font-variant-numeric: normal; font-variant-east-asian: normal; vertical-align: baseline; white-space: pre-wrap;\">7.Vuoden 2016 tilinp\u00e4\u00e4t\u00f6ksen esittely<\/span><span style=\"font-size: 11pt; font-family: arial; font-variant-numeric: normal; font-variant-east-asian: normal; vertical-align: baseline; white-space: pre-wrap;\"><br \/><\/span><span style=\"font-size: 11pt; font-family: arial; font-variant-numeric: normal; font-variant-east-asian: normal; vertical-align: baseline; white-space: pre-wrap;\">8.Toiminnantarkastajien lausunnon esittely vuodelta 2016<\/span><span style=\"font-size: 11pt; font-family: arial; font-variant-numeric: normal; font-variant-east-asian: normal; vertical-align: baseline; white-space: pre-wrap;\"><br \/><\/span><span style=\"font-size: 11pt; font-family: arial; font-variant-numeric: normal; font-variant-east-asian: normal; vertical-align: baseline; white-space: pre-wrap;\">9.Vuoden 2016 Tilinp\u00e4\u00e4t\u00f6ksen vahvistaminen ja vastuuvapauden my\u00f6nt\u00e4minen<\/span><\/p>\n<p dir=\"ltr\" style=\"line-height: 1.38; margin-top: 0pt; margin-bottom: 0pt;\"><span style=\"font-size: 11pt; font-family: arial; font-variant-numeric: normal; font-variant-east-asian: normal; vertical-align: baseline; white-space: pre-wrap;\">10.Vuoden 2017 toimintakertomuksen esittely<\/span><\/p>\n<p> <span style=\"font-size: 11pt; font-family: arial; font-variant-numeric: normal; font-variant-east-asian: normal; vertical-align: baseline; white-space: pre-wrap;\">11.Vuoden 2017 tilinp\u00e4\u00e4t\u00f6ksen esittely<\/span><span style=\"font-size: 11pt; font-family: arial; font-variant-numeric: normal; font-variant-east-asian: normal; vertical-align: baseline; white-space: pre-wrap;\"><br \/><\/span><span style=\"font-size: 11pt; font-family: arial; font-variant-numeric: normal; font-variant-east-asian: normal; vertical-align: baseline; white-space: pre-wrap;\">12.Toiminnantarkastajien lausunnon esittely vuodelta 2017<\/span><span style=\"font-size: 11pt; font-family: arial; font-variant-numeric: normal; font-variant-east-asian: normal; vertical-align: baseline; white-space: pre-wrap;\"><br \/><\/span><span style=\"font-size: 11pt; font-family: arial; font-variant-numeric: normal; font-variant-east-asian: normal; vertical-align: baseline; white-space: pre-wrap;\">13.Vuoden 2017 Tilinp\u00e4\u00e4t\u00f6ksen vahvistaminen ja vastuuvapauden my\u00f6nt\u00e4minen<\/span><span style=\"font-size: 11pt; font-family: arial; font-variant-numeric: normal; font-variant-east-asian: normal; vertical-align: baseline; white-space: pre-wrap;\"><br \/><\/span><span style=\"font-size: 11pt; font-family: arial; font-variant-numeric: normal; font-variant-east-asian: normal; vertical-align: baseline; white-space: pre-wrap;\">14.Muut esille tulevat asiat<\/span><span style=\"font-size: 11pt; font-family: arial; font-variant-numeric: normal; font-variant-east-asian: normal; vertical-align: baseline; white-space: pre-wrap;\"><br \/><\/span><span style=\"font-size: 11pt; font-family: arial; font-variant-numeric: normal; font-variant-east-asian: normal; vertical-align: baseline; white-space: pre-wrap;\">15.Kokouksen p\u00e4\u00e4tt\u00e4minen<\/span><span style=\"font-size: 11pt; font-family: arial; font-variant-numeric: normal; font-variant-east-asian: normal; vertical-align: baseline; white-space: pre-wrap;\"><br \/><\/span><\/div>\n<div dir=\"auto\">\u00a0<\/div>\n<div dir=\"auto\"><span style=\"font-size: 11pt; font-family: arial; font-variant-numeric: normal; font-variant-east-asian: normal; vertical-align: baseline; white-space: pre-wrap;\"><span style=\"font-size: 11pt; font-family: arial; font-variant-numeric: normal; font-variant-east-asian: normal; vertical-align: baseline; white-space: pre-wrap;\">PAIKKA: S\u00e4hk\u00f6insin\u00f6\u00f6rikilta ry:n kiltahuone, Oulun yliopisto, Linnanmaa, Oulu<\/span><span style=\"font-size: 11pt; font-family: arial; font-variant-numeric: normal; font-variant-east-asian: normal; vertical-align: baseline; white-space: pre-wrap;\"><br \/><\/span><span style=\"font-size: 11pt; font-family: arial; font-variant-numeric: normal; font-variant-east-asian: normal; vertical-align: baseline; white-space: pre-wrap;\"><br \/><\/span><span style=\"font-size: 11pt; font-family: arial; font-variant-numeric: normal; font-variant-east-asian: normal; vertical-align: baseline; white-space: pre-wrap;\">AIKA: Maanantai 26.3.2018 kello 18:00<\/span><span style=\"font-size: 11pt; font-family: arial; font-variant-numeric: normal; font-variant-east-asian: normal; vertical-align: baseline; white-space: pre-wrap;\"><br \/><\/span><\/span><\/div>\n<div dir=\"auto\">\u00a0<\/div>\n<div dir=\"auto\">\u00a0<\/div>\n<div dir=\"auto\">\u00a0<\/div>\n<div dir=\"auto\"><span style=\"font-size: 11pt; font-family: arial; font-variant-numeric: normal; font-variant-east-asian: normal; vertical-align: baseline; white-space: pre-wrap;\"><br \/><\/span><span style=\"font-size: 11pt; font-family: arial; font-variant-numeric: normal; font-variant-east-asian: normal; vertical-align: baseline; white-space: pre-wrap;\">Johannes Pakanen <\/span><span style=\"font-size: 11pt; font-family: arial; font-variant-numeric: normal; font-variant-east-asian: normal; vertical-align: baseline; white-space: pre-wrap;\"><br \/><\/span><span style=\"font-size: 11pt; font-family: arial; font-variant-numeric: normal; font-variant-east-asian: normal; vertical-align: baseline; white-space: pre-wrap;\"><br \/><\/span><span style=\"font-size: 11pt; font-family: arial; font-variant-numeric: normal; font-variant-east-asian: normal; vertical-align: baseline; white-space: pre-wrap;\">S\u00e4hk\u00f6insin\u00f6\u00f6rikilta ry:n puheenjohtaja<\/span><\/div>\n<\/p><\/div>\n<div class=\"moz-text-plain\" lang=\"x-western\" style=\"font-family: -moz-fixed; font-size: 12px;\">\u00a0<\/div>\n","protected":false},"excerpt":{"rendered":"<p>Tervetuloa S\u00e4hk\u00f6insin\u00f6\u00f6rikilta ry:n s\u00e4\u00e4nt\u00f6m\u00e4\u00e4r\u00e4iseen vuosikokoukseen, joka pidet\u00e4\u00e4n maanantaina 26.03.2018 klo 18:00 alkaen S\u00e4hk\u00f6insin\u00f6\u00f6rikillan kiltahuoneella. Kokouksessa k\u00e4sitell\u00e4\u00e4n killan s\u00e4\u00e4nt\u00f6jen 14\u00a7 mukaiset asiat. Tervetulleita ovat kaikki killan j\u00e4senet. \u00a0 \u00a0ASIALISTA 1.Kokouksen avaaminen2.Kokouksen j\u00e4rjest\u00e4ytyminen3.Kokouksen laillisuuden, p\u00e4\u00e4t\u00f6svaltaisuuden ja l\u00e4sn\u00e4olijoiden toteaminen4.Asialistan hyv\u00e4ksyminen ty\u00f6j\u00e4rjestykseksi5.Ilmoitusasiat6.Vuoden 2016 toimintakertomuksen esittely7.Vuoden 2016 tilinp\u00e4\u00e4t\u00f6ksen esittely8.Toiminnantarkastajien lausunnon esittely vuodelta 20169.Vuoden 2016 Tilinp\u00e4\u00e4t\u00f6ksen &hellip;<\/p>\n","protected":false},"author":1,"featured_media":0,"comment_status":"closed","ping_status":"open","sticky":false,"template":"","format":"standard","meta":{"footnotes":""},"categories":[4],"tags":[],"class_list":["post-414","post","type-post","status-publish","format-standard","hentry","category-sik"],"_links":{"self":[{"href":"https:\/\/www.sik.fi\/index.php?rest_route=\/wp\/v2\/posts\/414","targetHints":{"allow":["GET"]}}],"collection":[{"href":"https:\/\/www.sik.fi\/index.php?rest_route=\/wp\/v2\/posts"}],"about":[{"href":"https:\/\/www.sik.fi\/index.php?rest_route=\/wp\/v2\/types\/post"}],"author":[{"embeddable":true,"href":"https:\/\/www.sik.fi\/index.php?rest_route=\/wp\/v2\/users\/1"}],"replies":[{"embeddable":true,"href":"https:\/\/www.sik.fi\/index.php?rest_route=%2Fwp%2Fv2%2Fcomments&post=414"}],"version-history":[{"count":1,"href":"https:\/\/www.sik.fi\/index.php?rest_route=\/wp\/v2\/posts\/414\/revisions"}],"predecessor-version":[{"id":559,"href":"https:\/\/www.sik.fi\/index.php?rest_route=\/wp\/v2\/posts\/414\/revisions\/559"}],"wp:attachment":[{"href":"https:\/\/www.sik.fi\/index.php?rest_route=%2Fwp%2Fv2%2Fmedia&parent=414"}],"wp:term":[{"taxonomy":"category","embeddable":true,"href":"https:\/\/www.sik.fi\/index.php?rest_route=%2Fwp%2Fv2%2Fcategories&post=414"},{"taxonomy":"post_tag","embeddable":true,"href":"https:\/\/www.sik.fi\/index.php?rest_route=%2Fwp%2Fv2%2Ftags&post=414"}],"curies":[{"name":"wp","href":"https:\/\/api.w.org\/{rel}","templated":true}]}}